{"id":17759,"date":"2024-07-17T13:48:44","date_gmt":"2024-07-17T13:48:44","guid":{"rendered":"https:\/\/www.wyzgroup.com\/?p=17759"},"modified":"2024-07-17T13:59:51","modified_gmt":"2024-07-17T13:59:51","slug":"gaebel-ist-von-continental-zur-wyz-group-gewechselt","status":"publish","type":"post","link":"https:\/\/www.wyzgroup.com\/de\/actualite\/gaebel-ist-von-continental-zur-wyz-group-gewechselt\/","title":{"rendered":"Gaebel ist von Continental zur WYZ Group gewechselt"},"content":{"rendered":"<h4 style=\"text-align: center;\"><strong>Reifenpresse<\/strong><\/h4>\n<h2 style=\"text-align: center;\"><strong>Gaebel ist von Continental zur WYZ Group gewechselt<\/strong><\/h2>\n<p>&nbsp;<\/p>\n<div id=\"attachment_17754\" style=\"width: 310px\" class=\"wp-caption aligncenter\"><img loading=\"lazy\" decoding=\"async\" aria-describedby=\"caption-attachment-17754\" class=\"size-medium wp-image-17754\" src=\"https:\/\/www.wyzgroup.com\/wp-content\/uploads\/2024\/07\/2024_roman_portrait-300x300.png\" alt=\"Roman Gaebel\" width=\"300\" height=\"300\" srcset=\"https:\/\/www.wyzgroup.com\/wp-content\/uploads\/2024\/07\/2024_roman_portrait-300x300.png 300w, https:\/\/www.wyzgroup.com\/wp-content\/uploads\/2024\/07\/2024_roman_portrait-1024x1024.png 1024w, https:\/\/www.wyzgroup.com\/wp-content\/uploads\/2024\/07\/2024_roman_portrait-150x150.png 150w, https:\/\/www.wyzgroup.com\/wp-content\/uploads\/2024\/07\/2024_roman_portrait-768x768.png 768w, https:\/\/www.wyzgroup.com\/wp-content\/uploads\/2024\/07\/2024_roman_portrait.png 1080w\" sizes=\"auto, (max-width: 300px) 100vw, 300px\" \/><p id=\"caption-attachment-17754\" class=\"wp-caption-text\">Roman Gaebel chez WYZ Group<\/p><\/div>\n<h2 style=\"text-align: center;\"><strong>\u00a0<\/strong><\/h2>\n<p>Erst wenige Wochen ist es her, dass Roman Gaebel <a href=\"https:\/\/reifenpresse.de\/2024\/05\/02\/nach-fast-32-jahren-roman-gaebel-verlaesst-continental\/\">Continental den R\u00fccken gekehrt<\/a> hat nach rund 32 Jahren in unterschiedlichen Positionen im Vertrieb, Marketing und Supply Chain Management bei dem Reifenhersteller. Zum 1. Juli hat er nun neue Aufgaben bei der WYZ Deutschland GmbH \u00fcbernommen, wo er f\u00fcr die Serviceprodukte der franz\u00f6sischen WYZ Group als Sales Manager f\u00fcr den Markt hierzulande fungiert. Die Franzosen bieten digitale L\u00f6sungen und IT-Plattformen f\u00fcr Reifen und Zubeh\u00f6r f\u00fcr das Ersatzgesch\u00e4ft an wie unter anderem die WYZ Tyre Box, die WYZ Access Box, WYZ Fleet und den WYZ Tyre Check. Mit seiner langj\u00e4hrigen Reifen- und Vertriebserfahrung werde man die eigenen Aktivit\u00e4ten in der DACH-Region (Deutschland, \u00d6sterreich, Schweiz) auf- und ausbauen, freut sich Timothy Mark Anderson, Gesch\u00e4ftsf\u00fchrer der WYZ Deutschland GmbH, \u00fcber den Neuzugang.<\/p>\n<p>&nbsp;<\/p>\n<p>VON <span class=\"entry-author-link\"><span class=\"vcard author\"><span class=\"fn\"><a title=\"Beitr\u00e4ge von Christian Marx\" href=\"https:\/\/reifenpresse.de\/author\/marx\/\" rel=\"author\">CHRISTIAN MARX<\/a> =&gt; <a href=\"https:\/\/reifenpresse.de\/2024\/07\/15\/gaebel-ist-von-continental-zur-wyz-group-gewechselt\/\">Internet Link<\/a><\/span><\/span><\/span><\/p>\n","protected":false},"excerpt":{"rendered":"<p>Reifenpresse Gaebel ist von Continental zur WYZ Group gewechselt &nbsp; \u00a0 Erst wenige Wochen ist es her, dass Roman Gaebel Continental den R\u00fccken gekehrt hat nach rund 32 Jahren in unterschiedlichen Positionen im Vertrieb, Marketing und Supply Chain Management bei dem Reifenhersteller. Zum 1. Juli hat er nun neue Aufgaben bei der WYZ Deutschland GmbH&hellip;<\/p>\n","protected":false},"author":11,"featured_media":17754,"comment_status":"closed","ping_status":"closed","sticky":false,"template":"","format":"standard","meta":{"rs_blank_template":"","rs_page_bg_color":"","slide_template_v7":"","footnotes":""},"categories":[48],"tags":[],"class_list":["post-17759","post","type-post","status-publish","format-standard","has-post-thumbnail","hentry","category-aktuelles","category-48","description-off"],"yoast_head":"<!-- This site is optimized with the Yoast SEO plugin v27.5 - https:\/\/yoast.com\/product\/yoast-seo-wordpress\/ -->\n<title>Gaebel ist von Continental zur WYZ Group gewechselt |<\/title>\n<meta name=\"description\" content=\"Erst wenige Wochen ist es her, dass Roman Gaebel Continental den R\u00fccken gekehrt hat nach rund 32 Jahren in unterschiedlichen Positionen im Vertrieb, Marketing und Supply Chain Management bei dem Reifenhersteller. Zum 1. Juli hat er nun neue Aufgaben bei der WYZ Deutschland GmbH\" \/>\n<meta name=\"robots\" content=\"index, follow, max-snippet:-1, max-image-preview:large, max-video-preview:-1\" \/>\n<link rel=\"canonical\" href=\"https:\/\/www.wyzgroup.com\/de\/actualite\/gaebel-ist-von-continental-zur-wyz-group-gewechselt\/\" \/>\n<meta property=\"og:locale\" content=\"de_DE\" \/>\n<meta property=\"og:type\" content=\"article\" \/>\n<meta property=\"og:title\" content=\"Gaebel ist von Continental zur WYZ Group gewechselt |\" \/>\n<meta property=\"og:description\" content=\"Erst wenige Wochen ist es her, dass Roman Gaebel Continental den R\u00fccken gekehrt hat nach rund 32 Jahren in unterschiedlichen Positionen im Vertrieb, Marketing und Supply Chain Management bei dem Reifenhersteller. Zum 1. Juli hat er nun neue Aufgaben bei der WYZ Deutschland GmbH\" \/>\n<meta property=\"og:url\" content=\"https:\/\/www.wyzgroup.com\/de\/actualite\/gaebel-ist-von-continental-zur-wyz-group-gewechselt\/\" \/>\n<meta property=\"og:site_name\" content=\"WYZ Group\" \/>\n<meta property=\"article:published_time\" content=\"2024-07-17T13:48:44+00:00\" \/>\n<meta property=\"article:modified_time\" content=\"2024-07-17T13:59:51+00:00\" \/>\n<meta property=\"og:image\" content=\"https:\/\/www.wyzgroup.com\/wp-content\/uploads\/2024\/07\/2024_roman_portrait.png\" \/>\n\t<meta property=\"og:image:width\" content=\"1080\" \/>\n\t<meta property=\"og:image:height\" content=\"1080\" \/>\n\t<meta property=\"og:image:type\" content=\"image\/png\" \/>\n<meta name=\"author\" content=\"Anne LEGRAIN\" \/>\n<meta name=\"twitter:card\" content=\"summary_large_image\" \/>\n<meta name=\"twitter:label1\" content=\"Verfasst von\" \/>\n\t<meta name=\"twitter:data1\" content=\"Anne LEGRAIN\" \/>\n\t<meta name=\"twitter:label2\" content=\"Gesch\u00e4tzte Lesezeit\" \/>\n\t<meta name=\"twitter:data2\" content=\"2\u00a0Minuten\" \/>\n<script type=\"application\/ld+json\" class=\"yoast-schema-graph\">{\"@context\":\"https:\\\/\\\/schema.org\",\"@graph\":[{\"@type\":\"Article\",\"@id\":\"https:\\\/\\\/www.wyzgroup.com\\\/de\\\/actualite\\\/gaebel-ist-von-continental-zur-wyz-group-gewechselt\\\/#article\",\"isPartOf\":{\"@id\":\"https:\\\/\\\/www.wyzgroup.com\\\/de\\\/actualite\\\/gaebel-ist-von-continental-zur-wyz-group-gewechselt\\\/\"},\"author\":{\"name\":\"Anne LEGRAIN\",\"@id\":\"https:\\\/\\\/www.wyzgroup.com\\\/#\\\/schema\\\/person\\\/05c8b103a787adf057058cf67a5812db\"},\"headline\":\"Gaebel ist von Continental zur WYZ Group gewechselt\",\"datePublished\":\"2024-07-17T13:48:44+00:00\",\"dateModified\":\"2024-07-17T13:59:51+00:00\",\"mainEntityOfPage\":{\"@id\":\"https:\\\/\\\/www.wyzgroup.com\\\/de\\\/actualite\\\/gaebel-ist-von-continental-zur-wyz-group-gewechselt\\\/\"},\"wordCount\":176,\"image\":{\"@id\":\"https:\\\/\\\/www.wyzgroup.com\\\/de\\\/actualite\\\/gaebel-ist-von-continental-zur-wyz-group-gewechselt\\\/#primaryimage\"},\"thumbnailUrl\":\"https:\\\/\\\/www.wyzgroup.com\\\/wp-content\\\/uploads\\\/2024\\\/07\\\/2024_roman_portrait.png\",\"articleSection\":[\"Aktuelles\"],\"inLanguage\":\"de\"},{\"@type\":\"WebPage\",\"@id\":\"https:\\\/\\\/www.wyzgroup.com\\\/de\\\/actualite\\\/gaebel-ist-von-continental-zur-wyz-group-gewechselt\\\/\",\"url\":\"https:\\\/\\\/www.wyzgroup.com\\\/de\\\/actualite\\\/gaebel-ist-von-continental-zur-wyz-group-gewechselt\\\/\",\"name\":\"Gaebel ist von Continental zur WYZ Group gewechselt |\",\"isPartOf\":{\"@id\":\"https:\\\/\\\/www.wyzgroup.com\\\/#website\"},\"primaryImageOfPage\":{\"@id\":\"https:\\\/\\\/www.wyzgroup.com\\\/de\\\/actualite\\\/gaebel-ist-von-continental-zur-wyz-group-gewechselt\\\/#primaryimage\"},\"image\":{\"@id\":\"https:\\\/\\\/www.wyzgroup.com\\\/de\\\/actualite\\\/gaebel-ist-von-continental-zur-wyz-group-gewechselt\\\/#primaryimage\"},\"thumbnailUrl\":\"https:\\\/\\\/www.wyzgroup.com\\\/wp-content\\\/uploads\\\/2024\\\/07\\\/2024_roman_portrait.png\",\"datePublished\":\"2024-07-17T13:48:44+00:00\",\"dateModified\":\"2024-07-17T13:59:51+00:00\",\"author\":{\"@id\":\"https:\\\/\\\/www.wyzgroup.com\\\/#\\\/schema\\\/person\\\/05c8b103a787adf057058cf67a5812db\"},\"description\":\"Erst wenige Wochen ist es her, dass Roman Gaebel Continental den R\u00fccken gekehrt hat nach rund 32 Jahren in unterschiedlichen Positionen im Vertrieb, Marketing und Supply Chain Management bei dem Reifenhersteller. Zum 1. Juli hat er nun neue Aufgaben bei der WYZ Deutschland GmbH\",\"breadcrumb\":{\"@id\":\"https:\\\/\\\/www.wyzgroup.com\\\/de\\\/actualite\\\/gaebel-ist-von-continental-zur-wyz-group-gewechselt\\\/#breadcrumb\"},\"inLanguage\":\"de\",\"potentialAction\":[{\"@type\":\"ReadAction\",\"target\":[\"https:\\\/\\\/www.wyzgroup.com\\\/de\\\/actualite\\\/gaebel-ist-von-continental-zur-wyz-group-gewechselt\\\/\"]}]},{\"@type\":\"ImageObject\",\"inLanguage\":\"de\",\"@id\":\"https:\\\/\\\/www.wyzgroup.com\\\/de\\\/actualite\\\/gaebel-ist-von-continental-zur-wyz-group-gewechselt\\\/#primaryimage\",\"url\":\"https:\\\/\\\/www.wyzgroup.com\\\/wp-content\\\/uploads\\\/2024\\\/07\\\/2024_roman_portrait.png\",\"contentUrl\":\"https:\\\/\\\/www.wyzgroup.com\\\/wp-content\\\/uploads\\\/2024\\\/07\\\/2024_roman_portrait.png\",\"width\":1080,\"height\":1080,\"caption\":\"Roman Gaebel chez WYZ Group\"},{\"@type\":\"BreadcrumbList\",\"@id\":\"https:\\\/\\\/www.wyzgroup.com\\\/de\\\/actualite\\\/gaebel-ist-von-continental-zur-wyz-group-gewechselt\\\/#breadcrumb\",\"itemListElement\":[{\"@type\":\"ListItem\",\"position\":1,\"name\":\"Accueil\",\"item\":\"https:\\\/\\\/www.wyzgroup.com\\\/de\\\/\"},{\"@type\":\"ListItem\",\"position\":2,\"name\":\"Gaebel ist von Continental zur WYZ Group gewechselt\"}]},{\"@type\":\"WebSite\",\"@id\":\"https:\\\/\\\/www.wyzgroup.com\\\/#website\",\"url\":\"https:\\\/\\\/www.wyzgroup.com\\\/\",\"name\":\"WYZ Group\",\"description\":\"WYZ Group, des solutions digitales au c\u0153ur de l\u2019Apr\u00e8s-vente automobile\u200b\",\"potentialAction\":[{\"@type\":\"SearchAction\",\"target\":{\"@type\":\"EntryPoint\",\"urlTemplate\":\"https:\\\/\\\/www.wyzgroup.com\\\/?s={search_term_string}\"},\"query-input\":{\"@type\":\"PropertyValueSpecification\",\"valueRequired\":true,\"valueName\":\"search_term_string\"}}],\"inLanguage\":\"de\"},{\"@type\":\"Person\",\"@id\":\"https:\\\/\\\/www.wyzgroup.com\\\/#\\\/schema\\\/person\\\/05c8b103a787adf057058cf67a5812db\",\"name\":\"Anne LEGRAIN\",\"image\":{\"@type\":\"ImageObject\",\"inLanguage\":\"de\",\"@id\":\"https:\\\/\\\/secure.gravatar.com\\\/avatar\\\/8b9fa29d2e68619d0d41a684e92497423c722f284b76c5bfb910947e31fede9f?s=96&d=mm&r=g\",\"url\":\"https:\\\/\\\/secure.gravatar.com\\\/avatar\\\/8b9fa29d2e68619d0d41a684e92497423c722f284b76c5bfb910947e31fede9f?s=96&d=mm&r=g\",\"contentUrl\":\"https:\\\/\\\/secure.gravatar.com\\\/avatar\\\/8b9fa29d2e68619d0d41a684e92497423c722f284b76c5bfb910947e31fede9f?s=96&d=mm&r=g\",\"caption\":\"Anne LEGRAIN\"},\"url\":\"https:\\\/\\\/www.wyzgroup.com\\\/de\\\/\"}]}<\/script>\n<!-- \/ Yoast SEO plugin. -->","yoast_head_json":{"title":"Gaebel ist von Continental zur WYZ Group gewechselt |","description":"Erst wenige Wochen ist es her, dass Roman Gaebel Continental den R\u00fccken gekehrt hat nach rund 32 Jahren in unterschiedlichen Positionen im Vertrieb, Marketing und Supply Chain Management bei dem Reifenhersteller. Zum 1. Juli hat er nun neue Aufgaben bei der WYZ Deutschland GmbH","robots":{"index":"index","follow":"follow","max-snippet":"max-snippet:-1","max-image-preview":"max-image-preview:large","max-video-preview":"max-video-preview:-1"},"canonical":"https:\/\/www.wyzgroup.com\/de\/actualite\/gaebel-ist-von-continental-zur-wyz-group-gewechselt\/","og_locale":"de_DE","og_type":"article","og_title":"Gaebel ist von Continental zur WYZ Group gewechselt |","og_description":"Erst wenige Wochen ist es her, dass Roman Gaebel Continental den R\u00fccken gekehrt hat nach rund 32 Jahren in unterschiedlichen Positionen im Vertrieb, Marketing und Supply Chain Management bei dem Reifenhersteller. Zum 1. Juli hat er nun neue Aufgaben bei der WYZ Deutschland GmbH","og_url":"https:\/\/www.wyzgroup.com\/de\/actualite\/gaebel-ist-von-continental-zur-wyz-group-gewechselt\/","og_site_name":"WYZ Group","article_published_time":"2024-07-17T13:48:44+00:00","article_modified_time":"2024-07-17T13:59:51+00:00","og_image":[{"width":1080,"height":1080,"url":"https:\/\/www.wyzgroup.com\/wp-content\/uploads\/2024\/07\/2024_roman_portrait.png","type":"image\/png"}],"author":"Anne LEGRAIN","twitter_card":"summary_large_image","twitter_misc":{"Verfasst von":"Anne LEGRAIN","Gesch\u00e4tzte Lesezeit":"2\u00a0Minuten"},"schema":{"@context":"https:\/\/schema.org","@graph":[{"@type":"Article","@id":"https:\/\/www.wyzgroup.com\/de\/actualite\/gaebel-ist-von-continental-zur-wyz-group-gewechselt\/#article","isPartOf":{"@id":"https:\/\/www.wyzgroup.com\/de\/actualite\/gaebel-ist-von-continental-zur-wyz-group-gewechselt\/"},"author":{"name":"Anne LEGRAIN","@id":"https:\/\/www.wyzgroup.com\/#\/schema\/person\/05c8b103a787adf057058cf67a5812db"},"headline":"Gaebel ist von Continental zur WYZ Group gewechselt","datePublished":"2024-07-17T13:48:44+00:00","dateModified":"2024-07-17T13:59:51+00:00","mainEntityOfPage":{"@id":"https:\/\/www.wyzgroup.com\/de\/actualite\/gaebel-ist-von-continental-zur-wyz-group-gewechselt\/"},"wordCount":176,"image":{"@id":"https:\/\/www.wyzgroup.com\/de\/actualite\/gaebel-ist-von-continental-zur-wyz-group-gewechselt\/#primaryimage"},"thumbnailUrl":"https:\/\/www.wyzgroup.com\/wp-content\/uploads\/2024\/07\/2024_roman_portrait.png","articleSection":["Aktuelles"],"inLanguage":"de"},{"@type":"WebPage","@id":"https:\/\/www.wyzgroup.com\/de\/actualite\/gaebel-ist-von-continental-zur-wyz-group-gewechselt\/","url":"https:\/\/www.wyzgroup.com\/de\/actualite\/gaebel-ist-von-continental-zur-wyz-group-gewechselt\/","name":"Gaebel ist von Continental zur WYZ Group gewechselt |","isPartOf":{"@id":"https:\/\/www.wyzgroup.com\/#website"},"primaryImageOfPage":{"@id":"https:\/\/www.wyzgroup.com\/de\/actualite\/gaebel-ist-von-continental-zur-wyz-group-gewechselt\/#primaryimage"},"image":{"@id":"https:\/\/www.wyzgroup.com\/de\/actualite\/gaebel-ist-von-continental-zur-wyz-group-gewechselt\/#primaryimage"},"thumbnailUrl":"https:\/\/www.wyzgroup.com\/wp-content\/uploads\/2024\/07\/2024_roman_portrait.png","datePublished":"2024-07-17T13:48:44+00:00","dateModified":"2024-07-17T13:59:51+00:00","author":{"@id":"https:\/\/www.wyzgroup.com\/#\/schema\/person\/05c8b103a787adf057058cf67a5812db"},"description":"Erst wenige Wochen ist es her, dass Roman Gaebel Continental den R\u00fccken gekehrt hat nach rund 32 Jahren in unterschiedlichen Positionen im Vertrieb, Marketing und Supply Chain Management bei dem Reifenhersteller. Zum 1. Juli hat er nun neue Aufgaben bei der WYZ Deutschland GmbH","breadcrumb":{"@id":"https:\/\/www.wyzgroup.com\/de\/actualite\/gaebel-ist-von-continental-zur-wyz-group-gewechselt\/#breadcrumb"},"inLanguage":"de","potentialAction":[{"@type":"ReadAction","target":["https:\/\/www.wyzgroup.com\/de\/actualite\/gaebel-ist-von-continental-zur-wyz-group-gewechselt\/"]}]},{"@type":"ImageObject","inLanguage":"de","@id":"https:\/\/www.wyzgroup.com\/de\/actualite\/gaebel-ist-von-continental-zur-wyz-group-gewechselt\/#primaryimage","url":"https:\/\/www.wyzgroup.com\/wp-content\/uploads\/2024\/07\/2024_roman_portrait.png","contentUrl":"https:\/\/www.wyzgroup.com\/wp-content\/uploads\/2024\/07\/2024_roman_portrait.png","width":1080,"height":1080,"caption":"Roman Gaebel chez WYZ Group"},{"@type":"BreadcrumbList","@id":"https:\/\/www.wyzgroup.com\/de\/actualite\/gaebel-ist-von-continental-zur-wyz-group-gewechselt\/#breadcrumb","itemListElement":[{"@type":"ListItem","position":1,"name":"Accueil","item":"https:\/\/www.wyzgroup.com\/de\/"},{"@type":"ListItem","position":2,"name":"Gaebel ist von Continental zur WYZ Group gewechselt"}]},{"@type":"WebSite","@id":"https:\/\/www.wyzgroup.com\/#website","url":"https:\/\/www.wyzgroup.com\/","name":"WYZ Group","description":"WYZ Group, des solutions digitales au c\u0153ur de l\u2019Apr\u00e8s-vente automobile\u200b","potentialAction":[{"@type":"SearchAction","target":{"@type":"EntryPoint","urlTemplate":"https:\/\/www.wyzgroup.com\/?s={search_term_string}"},"query-input":{"@type":"PropertyValueSpecification","valueRequired":true,"valueName":"search_term_string"}}],"inLanguage":"de"},{"@type":"Person","@id":"https:\/\/www.wyzgroup.com\/#\/schema\/person\/05c8b103a787adf057058cf67a5812db","name":"Anne LEGRAIN","image":{"@type":"ImageObject","inLanguage":"de","@id":"https:\/\/secure.gravatar.com\/avatar\/8b9fa29d2e68619d0d41a684e92497423c722f284b76c5bfb910947e31fede9f?s=96&d=mm&r=g","url":"https:\/\/secure.gravatar.com\/avatar\/8b9fa29d2e68619d0d41a684e92497423c722f284b76c5bfb910947e31fede9f?s=96&d=mm&r=g","contentUrl":"https:\/\/secure.gravatar.com\/avatar\/8b9fa29d2e68619d0d41a684e92497423c722f284b76c5bfb910947e31fede9f?s=96&d=mm&r=g","caption":"Anne LEGRAIN"},"url":"https:\/\/www.wyzgroup.com\/de\/"}]}},"_links":{"self":[{"href":"https:\/\/www.wyzgroup.com\/de\/wp-json\/wp\/v2\/posts\/17759","targetHints":{"allow":["GET"]}}],"collection":[{"href":"https:\/\/www.wyzgroup.com\/de\/wp-json\/wp\/v2\/posts"}],"about":[{"href":"https:\/\/www.wyzgroup.com\/de\/wp-json\/wp\/v2\/types\/post"}],"author":[{"embeddable":true,"href":"https:\/\/www.wyzgroup.com\/de\/wp-json\/wp\/v2\/users\/11"}],"replies":[{"embeddable":true,"href":"https:\/\/www.wyzgroup.com\/de\/wp-json\/wp\/v2\/comments?post=17759"}],"version-history":[{"count":2,"href":"https:\/\/www.wyzgroup.com\/de\/wp-json\/wp\/v2\/posts\/17759\/revisions"}],"predecessor-version":[{"id":17774,"href":"https:\/\/www.wyzgroup.com\/de\/wp-json\/wp\/v2\/posts\/17759\/revisions\/17774"}],"wp:featuredmedia":[{"embeddable":true,"href":"https:\/\/www.wyzgroup.com\/de\/wp-json\/wp\/v2\/media\/17754"}],"wp:attachment":[{"href":"https:\/\/www.wyzgroup.com\/de\/wp-json\/wp\/v2\/media?parent=17759"}],"wp:term":[{"taxonomy":"category","embeddable":true,"href":"https:\/\/www.wyzgroup.com\/de\/wp-json\/wp\/v2\/categories?post=17759"},{"taxonomy":"post_tag","embeddable":true,"href":"https:\/\/www.wyzgroup.com\/de\/wp-json\/wp\/v2\/tags?post=17759"}],"curies":[{"name":"wp","href":"https:\/\/api.w.org\/{rel}","templated":true}]}}