{"id":12470,"date":"2022-03-18T10:39:29","date_gmt":"2022-03-18T10:39:29","guid":{"rendered":"https:\/\/www.wyzgroup.com\/actualite\/auto-infos-entretien-video-pierre-guirard-wyz-group-a-quasiment-double-son-chiffre-daffaires-en-2021\/"},"modified":"2022-03-18T10:39:34","modified_gmt":"2022-03-18T10:39:34","slug":"auto-infos-entretien-video-pierre-guirard-wyz-group-a-quasiment-double-son-chiffre-daffaires-en-2021","status":"publish","type":"post","link":"https:\/\/www.wyzgroup.com\/de\/actualite\/auto-infos-entretien-video-pierre-guirard-wyz-group-a-quasiment-double-son-chiffre-daffaires-en-2021\/","title":{"rendered":"AUTO INFOS &#8211; [Entretien vid\u00e9o] Pierre Guirard : \u00ab WYZ Group a quasiment doubl\u00e9 son chiffre d\u2019affaires en 2021 ! \u00bb"},"content":{"rendered":"<div class=\"wpb-content-wrapper\"><p>[vc_row][vc_column][vc_column_text]<\/p>\n<h4 class=\"article-sub-heading\" style=\"text-align: center;\">AUTO INFOS<\/h4>\n<h4><div class=\"gap\" style=\"line-height: 20px; height: 20px;\"><\/div><\/h4>\n<div class=\"crayon article-chapo-14992 chapo\">\n<h1 class=\"entry-title\" style=\"text-align: center;\"><a href=\"https:\/\/www.auto-infos.fr\/article\/video-pierre-guirard-wyz-group-a-quasiment-double-son-chiffre-d-affaires-en-2021.243112\" target=\"_blank\" rel=\"noopener\">Pierre Guirard : \u00ab WYZ Group a quasiment doubl\u00e9 son chiffre d\u2019affaires en 2021 ! \u00bb<\/a><\/h1>\n<\/div>\n<div class=\"crayon article-texte-14992 \">\n<h4><div class=\"gap\" style=\"line-height: 20px; height: 20px;\"><\/div><\/h4>\n<p>&nbsp;<\/p>\n<p class=\"article-body contenuArticlePro \" style=\"text-align: center;\">\n<\/div>\n<div class=\"title\">\n<p class=\"article-body contenuArticlePro \" style=\"text-align: center;\"><strong>Retrouvez l&#8217;article sur le site AUTO INFOS : <\/strong><\/p>\n<p class=\"article-body contenuArticlePro \" style=\"text-align: center;\"><strong><a href=\"https:\/\/www.auto-infos.fr\/article\/video-pierre-guirard-wyz-group-a-quasiment-double-son-chiffre-d-affaires-en-2021.243112\" target=\"_blank\" rel=\"noopener noreferrer\">Pierre Guirard : \u00ab WYZ Group a quasiment doubl\u00e9 son chiffre d\u2019affaires en 2021 ! \u00bb<\/a><\/strong><\/p>\n<\/div>\n<div id=\"attachment_10949\" style=\"width: 310px\" class=\"wp-caption aligncenter\"><a href=\"https:\/\/www.auto-infos.fr\/article\/video-pierre-guirard-wyz-group-a-quasiment-double-son-chiffre-d-affaires-en-2021.243112\" target=\"_blank\" rel=\"noopener\"><img loading=\"lazy\" decoding=\"async\" aria-describedby=\"caption-attachment-10949\" class=\"wp-image-10949 size-medium\" src=\"https:\/\/www.wyzgroup.com\/wp-content\/uploads\/2021\/07\/PG-BUREAU-1-300x300.jpg\" alt=\"\" width=\"300\" height=\"300\" srcset=\"https:\/\/www.wyzgroup.com\/wp-content\/uploads\/2021\/07\/PG-BUREAU-1-300x300.jpg 300w, https:\/\/www.wyzgroup.com\/wp-content\/uploads\/2021\/07\/PG-BUREAU-1-1024x1024.jpg 1024w, https:\/\/www.wyzgroup.com\/wp-content\/uploads\/2021\/07\/PG-BUREAU-1-150x150.jpg 150w, https:\/\/www.wyzgroup.com\/wp-content\/uploads\/2021\/07\/PG-BUREAU-1-768x768.jpg 768w, https:\/\/www.wyzgroup.com\/wp-content\/uploads\/2021\/07\/PG-BUREAU-1-1536x1536.jpg 1536w, https:\/\/www.wyzgroup.com\/wp-content\/uploads\/2021\/07\/PG-BUREAU-1-2048x2048.jpg 2048w\" sizes=\"auto, (max-width: 300px) 100vw, 300px\" \/><\/a><p id=\"caption-attachment-10949\" class=\"wp-caption-text\">Pierre Guirard revient sur les remarquables r\u00e9sultats de WYZ Group en 2021 et se tourne d\u00e9j\u00e0 vers de nouveaux d\u00e9veloppements.<\/p><\/div>\n<div class=\"chapo\"><\/div>\n<section class=\"has_ae_slider elementor-section elementor-top-section elementor-element elementor-element-6fb9d2ef elementor-section-boxed elementor-section-height-default elementor-section-height-default ae-bg-gallery-type-default\" data-id=\"6fb9d2ef\" data-element_type=\"section\">\n<div class=\"elementor-container elementor-column-gap-default\">\n<div class=\"elementor-row\">\n<div class=\"has_ae_slider elementor-column elementor-col-100 elementor-top-column elementor-element elementor-element-2e8f4331 ae-bg-gallery-type-default\" data-id=\"2e8f4331\" data-element_type=\"column\">\n<div class=\"elementor-column-wrap elementor-element-populated\">\n<div class=\"elementor-widget-wrap\">\n<div class=\"elementor-element elementor-element-88c1abd elementor-widget elementor-widget-ae-post-content\" data-id=\"88c1abd\" data-element_type=\"widget\" data-widget_type=\"ae-post-content.default\">\n<div class=\"elementor-widget-container\">\n<div class=\"chapo\">\n<p>Dans le prolongement d\u2019une ann\u00e9e 2020 d\u00e9j\u00e0 faste (croissance de 34% \u00e0 57,8 millions d\u2019euros), WYZ Group a enregistr\u00e9 une tr\u00e8s forte progression en 2021 avec un CA de 113,6 millions d\u2019euros. Entre le d\u00e9ploiement d\u2019accords avec Eurotyre ou le groupe Emil Frey France, les projets sont multiples pour l\u2019exercice 2022.<\/p>\n<\/div>\n<div class=\"textArt\">\n<p>2021 sera une ann\u00e9e \u00e0 marquer d\u2019une pierre blanche dans l\u2019histoire de WYZ Group. Le groupe dirig\u00e9 par\u00a0<strong>Pierre Guirard<\/strong>\u00a0a presque doubl\u00e9 son chiffre d\u2019affaires en 2021 (113,6 millions d\u2019euros contre\u00a0<a href=\"https:\/\/www.auto-infos.fr\/article\/video-interview-de-pierre-guirard-wyz-group-nous-avons-enregistre-une-croissance-de-34-en-2020.92654\">57,8 millions d\u2019euros en 2020<\/a>). Une progression fulgurante dans un contexte de march\u00e9 favorable pour les activit\u00e9s du groupe, avec\u00a0<strong>l\u2019essor des pneus 4 saisons<\/strong>\u00a0par exemple, m\u00eame si Pierre Guirard tient surtout \u00e0 souligner\u00a0<strong>les relations de business bas\u00e9es sur la confiance<\/strong>\u00a0avec ses diff\u00e9rents clients (constructeurs, concessionnaires, flottes\u2026). Il convient aussi de rappeler que WYZ Group a boucl\u00e9\u00a0<a href=\"https:\/\/www.auto-infos.fr\/article\/nouvelle-levee-de-fonds-reussie-pour-wyz-group.96289\">une importante lev\u00e9e de fonds \u00e0 l\u2019\u00e9t\u00e9 2021<\/a>, ce qui consolide son assise financi\u00e8re et lui permet d\u2019envisager sereinement de futurs d\u00e9veloppements.<\/p>\n<h2>Un accord d&#8217;envergure avec Emil Frey France<\/h2>\n<div>Parmi, les contrats marquants, citons celui qui a \u00e9t\u00e9 conclu avec\u00a0<strong>Eurotyre<\/strong>, premier client de la WYZ Academy, la plateforme de e-learning \u00e9tant en cours de d\u00e9ploiement. Un autre projet d\u2019envergure a \u00e9t\u00e9 conclu avec le groupe\u00a0<strong>Emil Frey France<\/strong>, premier distributeur de v\u00e9hicules de France faut-il le rappeler, pour construire\u00a0<strong>une plateforme digitale de distribution \/ redistribution<\/strong>,\u00a0<em>\u00ab\u00a0un type de plateforme tr\u00e8s demand\u00e9e actuellement, car elle permet de\u00a0<strong>mieux piloter ses flux<\/strong>\u00a0tout en suivant les process des diff\u00e9rents constructeurs\u00a0\u00bb<\/em>, dixit Pierre Guirard qui confie que d\u2019autres accords de cette nature sont en n\u00e9gociations.<\/div>\n<h2>Nouveau d\u00e9veloppement \u00e0 l&#8217;international via l&#8217;Allemagne, l&#8217;Italie et le Danemark<\/h2>\n<p>En 2022, alors que la crise sanitaire sera vraisemblablement moins pr\u00e9gnante, les plans de d\u00e9veloppement \u00e0 l\u2019international reviennent \u00e0 l\u2019agenda. Le 1<sup>er<\/sup>\u00a0avril 2022 marquera la date de l\u2019ouverture des activit\u00e9s\u00a0<strong>en Allemagne, un march\u00e9 aussi exigeant que prometteur<\/strong>. Pour l\u2019Italie, ce sera en septembre 2022 et l\u2019impl\u00e9mentation au Danemark se fera avant la fin de l\u2019ann\u00e9e.<\/p>\n<p>La diversification est aussi \u00e0 l\u2019ordre du jour, d\u00e9j\u00e0 amorc\u00e9e avec\u00a0<a href=\"https:\/\/www.auto-infos.fr\/article\/wyz-group-prend-une-participation-de-29-dans-spid-tech.172339\">la prise de participation dans Spid Tech<\/a>\u00a0l\u2019an dernier.\u00a0<em>\u00ab\u00a0Au-del\u00e0 des accessoires, nous allons aussi lancer\u00a0<strong>une plateforme sur l\u2019activit\u00e9 \u00ab\u00a0pneumatiques\u00a0\u00bb pour le BtoBtoC<\/strong>\u00a0\u00bb<\/em>, pointe Pierre Guirard.<\/p>\n<p>Deux autres axes de croissance sont clairement identifi\u00e9s. D\u2019une part,\u00a0<strong>le p\u00e9rim\u00e8tre de WYZ Fleet<\/strong>, en s\u2019orientant notamment vers les prestations de services directs aux conducteurs. D\u2019autre part,\u00a0<strong>la valorisation des datas<\/strong> des solutions WYZ et un nouveau produit sera lanc\u00e9 sur le march\u00e9 au second semestre 2022.<\/p>\n<\/div>\n<\/div>\n<\/div>\n<\/div>\n<\/div>\n<\/div>\n<\/div>\n<\/div>\n<\/section>\n<p>[\/vc_column_text][\/vc_column][\/vc_row]<\/p>\n<\/div>","protected":false},"excerpt":{"rendered":"<p>[vc_row][vc_column][vc_column_text] AUTO INFOS Pierre Guirard : \u00ab WYZ Group a quasiment doubl\u00e9 son chiffre d\u2019affaires en 2021 ! \u00bb &nbsp; Retrouvez l&#8217;article sur le site AUTO INFOS : Pierre Guirard : \u00ab WYZ Group a quasiment doubl\u00e9 son chiffre d\u2019affaires en 2021 ! \u00bb Dans le prolongement d\u2019une ann\u00e9e 2020 d\u00e9j\u00e0 faste (croissance de 34%&hellip;<\/p>\n","protected":false},"author":5,"featured_media":12471,"comment_status":"closed","ping_status":"closed","sticky":false,"template":"","format":"standard","meta":{"rs_blank_template":"","rs_page_bg_color":"","slide_template_v7":"","footnotes":""},"categories":[49],"tags":[],"class_list":["post-12470","post","type-post","status-publish","format-standard","has-post-thumbnail","hentry","category-presseerscheinungen","category-49","description-off"],"yoast_head":"<!-- This site is optimized with the Yoast SEO plugin v27.5 - https:\/\/yoast.com\/product\/yoast-seo-wordpress\/ -->\n<title>AUTO INFOS - [Entretien vid\u00e9o] Pierre Guirard : \u00ab WYZ Group a quasiment doubl\u00e9 son chiffre d\u2019affaires en 2021 ! \u00bb | WYZ Group, des solutions digitales au c\u0153ur de l\u2019Apr\u00e8s-vente automobile\u200b<\/title>\n<meta name=\"description\" content=\"WYZ Group vous propose des outils web innovants incluant l&#039;ensemble des flux de vos partenaires manufacturiers ainsi qu&#039;une solution de d\u00e9pannage.\" \/>\n<meta name=\"robots\" content=\"index, follow, max-snippet:-1, max-image-preview:large, max-video-preview:-1\" \/>\n<link rel=\"canonical\" href=\"https:\/\/www.wyzgroup.com\/actualite\/auto-infos-entretien-video-pierre-guirard-wyz-group-a-quasiment-double-son-chiffre-daffaires-en-2021\/\" \/>\n<meta property=\"og:locale\" content=\"de_DE\" \/>\n<meta property=\"og:type\" content=\"article\" \/>\n<meta property=\"og:title\" content=\"AUTO INFOS - [Entretien vid\u00e9o] Pierre Guirard : \u00ab WYZ Group a quasiment doubl\u00e9 son chiffre d\u2019affaires en 2021 ! \u00bb | WYZ Group, des solutions digitales au c\u0153ur de l\u2019Apr\u00e8s-vente automobile\u200b\" \/>\n<meta property=\"og:description\" content=\"WYZ Group vous propose des outils web innovants incluant l&#039;ensemble des flux de vos partenaires manufacturiers ainsi qu&#039;une solution de d\u00e9pannage.\" \/>\n<meta property=\"og:url\" content=\"https:\/\/www.wyzgroup.com\/actualite\/auto-infos-entretien-video-pierre-guirard-wyz-group-a-quasiment-double-son-chiffre-daffaires-en-2021\/\" \/>\n<meta property=\"og:site_name\" content=\"WYZ Group\" \/>\n<meta property=\"article:published_time\" content=\"2022-03-18T10:39:29+00:00\" \/>\n<meta property=\"article:modified_time\" content=\"2022-03-18T10:39:34+00:00\" \/>\n<meta property=\"og:image\" content=\"https:\/\/www.wyzgroup.com\/wp-content\/uploads\/2021\/07\/PG-2-scaled.jpg\" \/>\n\t<meta property=\"og:image:width\" content=\"2560\" \/>\n\t<meta property=\"og:image:height\" content=\"1704\" \/>\n\t<meta property=\"og:image:type\" content=\"image\/jpeg\" \/>\n<meta name=\"author\" content=\"Marjorie\" \/>\n<meta name=\"twitter:card\" content=\"summary_large_image\" \/>\n<meta name=\"twitter:label1\" content=\"Verfasst von\" \/>\n\t<meta name=\"twitter:data1\" content=\"Marjorie\" \/>\n\t<meta name=\"twitter:label2\" content=\"Gesch\u00e4tzte Lesezeit\" \/>\n\t<meta name=\"twitter:data2\" content=\"3\u00a0Minuten\" \/>\n<script type=\"application\/ld+json\" class=\"yoast-schema-graph\">{\"@context\":\"https:\\\/\\\/schema.org\",\"@graph\":[{\"@type\":\"Article\",\"@id\":\"https:\\\/\\\/www.wyzgroup.com\\\/actualite\\\/auto-infos-entretien-video-pierre-guirard-wyz-group-a-quasiment-double-son-chiffre-daffaires-en-2021\\\/#article\",\"isPartOf\":{\"@id\":\"https:\\\/\\\/www.wyzgroup.com\\\/actualite\\\/auto-infos-entretien-video-pierre-guirard-wyz-group-a-quasiment-double-son-chiffre-daffaires-en-2021\\\/\"},\"author\":{\"name\":\"Marjorie\",\"@id\":\"https:\\\/\\\/www.wyzgroup.com\\\/#\\\/schema\\\/person\\\/b3dac9d9526664a1dfac5696f8ea854f\"},\"headline\":\"AUTO INFOS &#8211; [Entretien vid\u00e9o] Pierre Guirard : \u00ab WYZ Group a quasiment doubl\u00e9 son chiffre d\u2019affaires en 2021 ! \u00bb\",\"datePublished\":\"2022-03-18T10:39:29+00:00\",\"dateModified\":\"2022-03-18T10:39:34+00:00\",\"mainEntityOfPage\":{\"@id\":\"https:\\\/\\\/www.wyzgroup.com\\\/actualite\\\/auto-infos-entretien-video-pierre-guirard-wyz-group-a-quasiment-double-son-chiffre-daffaires-en-2021\\\/\"},\"wordCount\":556,\"image\":{\"@id\":\"https:\\\/\\\/www.wyzgroup.com\\\/actualite\\\/auto-infos-entretien-video-pierre-guirard-wyz-group-a-quasiment-double-son-chiffre-daffaires-en-2021\\\/#primaryimage\"},\"thumbnailUrl\":\"https:\\\/\\\/www.wyzgroup.com\\\/wp-content\\\/uploads\\\/2021\\\/07\\\/PG-2-scaled.jpg\",\"articleSection\":[\"Presseerscheinungen\"],\"inLanguage\":\"de\"},{\"@type\":\"WebPage\",\"@id\":\"https:\\\/\\\/www.wyzgroup.com\\\/actualite\\\/auto-infos-entretien-video-pierre-guirard-wyz-group-a-quasiment-double-son-chiffre-daffaires-en-2021\\\/\",\"url\":\"https:\\\/\\\/www.wyzgroup.com\\\/actualite\\\/auto-infos-entretien-video-pierre-guirard-wyz-group-a-quasiment-double-son-chiffre-daffaires-en-2021\\\/\",\"name\":\"AUTO INFOS - [Entretien vid\u00e9o] Pierre Guirard : \u00ab WYZ Group a quasiment doubl\u00e9 son chiffre d\u2019affaires en 2021 ! \u00bb | WYZ Group, des solutions digitales au c\u0153ur de l\u2019Apr\u00e8s-vente automobile\u200b\",\"isPartOf\":{\"@id\":\"https:\\\/\\\/www.wyzgroup.com\\\/#website\"},\"primaryImageOfPage\":{\"@id\":\"https:\\\/\\\/www.wyzgroup.com\\\/actualite\\\/auto-infos-entretien-video-pierre-guirard-wyz-group-a-quasiment-double-son-chiffre-daffaires-en-2021\\\/#primaryimage\"},\"image\":{\"@id\":\"https:\\\/\\\/www.wyzgroup.com\\\/actualite\\\/auto-infos-entretien-video-pierre-guirard-wyz-group-a-quasiment-double-son-chiffre-daffaires-en-2021\\\/#primaryimage\"},\"thumbnailUrl\":\"https:\\\/\\\/www.wyzgroup.com\\\/wp-content\\\/uploads\\\/2021\\\/07\\\/PG-2-scaled.jpg\",\"datePublished\":\"2022-03-18T10:39:29+00:00\",\"dateModified\":\"2022-03-18T10:39:34+00:00\",\"author\":{\"@id\":\"https:\\\/\\\/www.wyzgroup.com\\\/#\\\/schema\\\/person\\\/b3dac9d9526664a1dfac5696f8ea854f\"},\"description\":\"WYZ Group vous propose des outils web innovants incluant l'ensemble des flux de vos partenaires manufacturiers ainsi qu'une solution de d\u00e9pannage.\",\"breadcrumb\":{\"@id\":\"https:\\\/\\\/www.wyzgroup.com\\\/actualite\\\/auto-infos-entretien-video-pierre-guirard-wyz-group-a-quasiment-double-son-chiffre-daffaires-en-2021\\\/#breadcrumb\"},\"inLanguage\":\"de\",\"potentialAction\":[{\"@type\":\"ReadAction\",\"target\":[\"https:\\\/\\\/www.wyzgroup.com\\\/actualite\\\/auto-infos-entretien-video-pierre-guirard-wyz-group-a-quasiment-double-son-chiffre-daffaires-en-2021\\\/\"]}]},{\"@type\":\"ImageObject\",\"inLanguage\":\"de\",\"@id\":\"https:\\\/\\\/www.wyzgroup.com\\\/actualite\\\/auto-infos-entretien-video-pierre-guirard-wyz-group-a-quasiment-double-son-chiffre-daffaires-en-2021\\\/#primaryimage\",\"url\":\"https:\\\/\\\/www.wyzgroup.com\\\/wp-content\\\/uploads\\\/2021\\\/07\\\/PG-2-scaled.jpg\",\"contentUrl\":\"https:\\\/\\\/www.wyzgroup.com\\\/wp-content\\\/uploads\\\/2021\\\/07\\\/PG-2-scaled.jpg\",\"width\":2560,\"height\":1704},{\"@type\":\"BreadcrumbList\",\"@id\":\"https:\\\/\\\/www.wyzgroup.com\\\/actualite\\\/auto-infos-entretien-video-pierre-guirard-wyz-group-a-quasiment-double-son-chiffre-daffaires-en-2021\\\/#breadcrumb\",\"itemListElement\":[{\"@type\":\"ListItem\",\"position\":1,\"name\":\"Accueil\",\"item\":\"https:\\\/\\\/www.wyzgroup.com\\\/de\\\/\"},{\"@type\":\"ListItem\",\"position\":2,\"name\":\"AUTO INFOS &#8211; [Entretien vid\u00e9o] Pierre Guirard : \u00ab WYZ Group a quasiment doubl\u00e9 son chiffre d\u2019affaires en 2021 ! \u00bb\"}]},{\"@type\":\"WebSite\",\"@id\":\"https:\\\/\\\/www.wyzgroup.com\\\/#website\",\"url\":\"https:\\\/\\\/www.wyzgroup.com\\\/\",\"name\":\"WYZ Group\",\"description\":\"WYZ Group, des solutions digitales au c\u0153ur de l\u2019Apr\u00e8s-vente automobile\u200b\",\"potentialAction\":[{\"@type\":\"SearchAction\",\"target\":{\"@type\":\"EntryPoint\",\"urlTemplate\":\"https:\\\/\\\/www.wyzgroup.com\\\/?s={search_term_string}\"},\"query-input\":{\"@type\":\"PropertyValueSpecification\",\"valueRequired\":true,\"valueName\":\"search_term_string\"}}],\"inLanguage\":\"de\"},{\"@type\":\"Person\",\"@id\":\"https:\\\/\\\/www.wyzgroup.com\\\/#\\\/schema\\\/person\\\/b3dac9d9526664a1dfac5696f8ea854f\",\"name\":\"Marjorie\",\"image\":{\"@type\":\"ImageObject\",\"inLanguage\":\"de\",\"@id\":\"https:\\\/\\\/secure.gravatar.com\\\/avatar\\\/0664cbac35c98dc8604c91a6fc3c9209975a69213fef239136f7747d0b23ba78?s=96&d=mm&r=g\",\"url\":\"https:\\\/\\\/secure.gravatar.com\\\/avatar\\\/0664cbac35c98dc8604c91a6fc3c9209975a69213fef239136f7747d0b23ba78?s=96&d=mm&r=g\",\"contentUrl\":\"https:\\\/\\\/secure.gravatar.com\\\/avatar\\\/0664cbac35c98dc8604c91a6fc3c9209975a69213fef239136f7747d0b23ba78?s=96&d=mm&r=g\",\"caption\":\"Marjorie\"},\"url\":\"https:\\\/\\\/www.wyzgroup.com\\\/de\\\/\"}]}<\/script>\n<!-- \/ Yoast SEO plugin. -->","yoast_head_json":{"title":"AUTO INFOS - [Entretien vid\u00e9o] Pierre Guirard : \u00ab WYZ Group a quasiment doubl\u00e9 son chiffre d\u2019affaires en 2021 ! \u00bb | WYZ Group, des solutions digitales au c\u0153ur de l\u2019Apr\u00e8s-vente automobile\u200b","description":"WYZ Group vous propose des outils web innovants incluant l'ensemble des flux de vos partenaires manufacturiers ainsi qu'une solution de d\u00e9pannage.","robots":{"index":"index","follow":"follow","max-snippet":"max-snippet:-1","max-image-preview":"max-image-preview:large","max-video-preview":"max-video-preview:-1"},"canonical":"https:\/\/www.wyzgroup.com\/actualite\/auto-infos-entretien-video-pierre-guirard-wyz-group-a-quasiment-double-son-chiffre-daffaires-en-2021\/","og_locale":"de_DE","og_type":"article","og_title":"AUTO INFOS - [Entretien vid\u00e9o] Pierre Guirard : \u00ab WYZ Group a quasiment doubl\u00e9 son chiffre d\u2019affaires en 2021 ! \u00bb | WYZ Group, des solutions digitales au c\u0153ur de l\u2019Apr\u00e8s-vente automobile\u200b","og_description":"WYZ Group vous propose des outils web innovants incluant l'ensemble des flux de vos partenaires manufacturiers ainsi qu'une solution de d\u00e9pannage.","og_url":"https:\/\/www.wyzgroup.com\/actualite\/auto-infos-entretien-video-pierre-guirard-wyz-group-a-quasiment-double-son-chiffre-daffaires-en-2021\/","og_site_name":"WYZ Group","article_published_time":"2022-03-18T10:39:29+00:00","article_modified_time":"2022-03-18T10:39:34+00:00","og_image":[{"width":2560,"height":1704,"url":"https:\/\/www.wyzgroup.com\/wp-content\/uploads\/2021\/07\/PG-2-scaled.jpg","type":"image\/jpeg"}],"author":"Marjorie","twitter_card":"summary_large_image","twitter_misc":{"Verfasst von":"Marjorie","Gesch\u00e4tzte Lesezeit":"3\u00a0Minuten"},"schema":{"@context":"https:\/\/schema.org","@graph":[{"@type":"Article","@id":"https:\/\/www.wyzgroup.com\/actualite\/auto-infos-entretien-video-pierre-guirard-wyz-group-a-quasiment-double-son-chiffre-daffaires-en-2021\/#article","isPartOf":{"@id":"https:\/\/www.wyzgroup.com\/actualite\/auto-infos-entretien-video-pierre-guirard-wyz-group-a-quasiment-double-son-chiffre-daffaires-en-2021\/"},"author":{"name":"Marjorie","@id":"https:\/\/www.wyzgroup.com\/#\/schema\/person\/b3dac9d9526664a1dfac5696f8ea854f"},"headline":"AUTO INFOS &#8211; [Entretien vid\u00e9o] Pierre Guirard : \u00ab WYZ Group a quasiment doubl\u00e9 son chiffre d\u2019affaires en 2021 ! \u00bb","datePublished":"2022-03-18T10:39:29+00:00","dateModified":"2022-03-18T10:39:34+00:00","mainEntityOfPage":{"@id":"https:\/\/www.wyzgroup.com\/actualite\/auto-infos-entretien-video-pierre-guirard-wyz-group-a-quasiment-double-son-chiffre-daffaires-en-2021\/"},"wordCount":556,"image":{"@id":"https:\/\/www.wyzgroup.com\/actualite\/auto-infos-entretien-video-pierre-guirard-wyz-group-a-quasiment-double-son-chiffre-daffaires-en-2021\/#primaryimage"},"thumbnailUrl":"https:\/\/www.wyzgroup.com\/wp-content\/uploads\/2021\/07\/PG-2-scaled.jpg","articleSection":["Presseerscheinungen"],"inLanguage":"de"},{"@type":"WebPage","@id":"https:\/\/www.wyzgroup.com\/actualite\/auto-infos-entretien-video-pierre-guirard-wyz-group-a-quasiment-double-son-chiffre-daffaires-en-2021\/","url":"https:\/\/www.wyzgroup.com\/actualite\/auto-infos-entretien-video-pierre-guirard-wyz-group-a-quasiment-double-son-chiffre-daffaires-en-2021\/","name":"AUTO INFOS - [Entretien vid\u00e9o] Pierre Guirard : \u00ab WYZ Group a quasiment doubl\u00e9 son chiffre d\u2019affaires en 2021 ! \u00bb | WYZ Group, des solutions digitales au c\u0153ur de l\u2019Apr\u00e8s-vente automobile\u200b","isPartOf":{"@id":"https:\/\/www.wyzgroup.com\/#website"},"primaryImageOfPage":{"@id":"https:\/\/www.wyzgroup.com\/actualite\/auto-infos-entretien-video-pierre-guirard-wyz-group-a-quasiment-double-son-chiffre-daffaires-en-2021\/#primaryimage"},"image":{"@id":"https:\/\/www.wyzgroup.com\/actualite\/auto-infos-entretien-video-pierre-guirard-wyz-group-a-quasiment-double-son-chiffre-daffaires-en-2021\/#primaryimage"},"thumbnailUrl":"https:\/\/www.wyzgroup.com\/wp-content\/uploads\/2021\/07\/PG-2-scaled.jpg","datePublished":"2022-03-18T10:39:29+00:00","dateModified":"2022-03-18T10:39:34+00:00","author":{"@id":"https:\/\/www.wyzgroup.com\/#\/schema\/person\/b3dac9d9526664a1dfac5696f8ea854f"},"description":"WYZ Group vous propose des outils web innovants incluant l'ensemble des flux de vos partenaires manufacturiers ainsi qu'une solution de d\u00e9pannage.","breadcrumb":{"@id":"https:\/\/www.wyzgroup.com\/actualite\/auto-infos-entretien-video-pierre-guirard-wyz-group-a-quasiment-double-son-chiffre-daffaires-en-2021\/#breadcrumb"},"inLanguage":"de","potentialAction":[{"@type":"ReadAction","target":["https:\/\/www.wyzgroup.com\/actualite\/auto-infos-entretien-video-pierre-guirard-wyz-group-a-quasiment-double-son-chiffre-daffaires-en-2021\/"]}]},{"@type":"ImageObject","inLanguage":"de","@id":"https:\/\/www.wyzgroup.com\/actualite\/auto-infos-entretien-video-pierre-guirard-wyz-group-a-quasiment-double-son-chiffre-daffaires-en-2021\/#primaryimage","url":"https:\/\/www.wyzgroup.com\/wp-content\/uploads\/2021\/07\/PG-2-scaled.jpg","contentUrl":"https:\/\/www.wyzgroup.com\/wp-content\/uploads\/2021\/07\/PG-2-scaled.jpg","width":2560,"height":1704},{"@type":"BreadcrumbList","@id":"https:\/\/www.wyzgroup.com\/actualite\/auto-infos-entretien-video-pierre-guirard-wyz-group-a-quasiment-double-son-chiffre-daffaires-en-2021\/#breadcrumb","itemListElement":[{"@type":"ListItem","position":1,"name":"Accueil","item":"https:\/\/www.wyzgroup.com\/de\/"},{"@type":"ListItem","position":2,"name":"AUTO INFOS &#8211; [Entretien vid\u00e9o] Pierre Guirard : \u00ab WYZ Group a quasiment doubl\u00e9 son chiffre d\u2019affaires en 2021 ! \u00bb"}]},{"@type":"WebSite","@id":"https:\/\/www.wyzgroup.com\/#website","url":"https:\/\/www.wyzgroup.com\/","name":"WYZ Group","description":"WYZ Group, des solutions digitales au c\u0153ur de l\u2019Apr\u00e8s-vente automobile\u200b","potentialAction":[{"@type":"SearchAction","target":{"@type":"EntryPoint","urlTemplate":"https:\/\/www.wyzgroup.com\/?s={search_term_string}"},"query-input":{"@type":"PropertyValueSpecification","valueRequired":true,"valueName":"search_term_string"}}],"inLanguage":"de"},{"@type":"Person","@id":"https:\/\/www.wyzgroup.com\/#\/schema\/person\/b3dac9d9526664a1dfac5696f8ea854f","name":"Marjorie","image":{"@type":"ImageObject","inLanguage":"de","@id":"https:\/\/secure.gravatar.com\/avatar\/0664cbac35c98dc8604c91a6fc3c9209975a69213fef239136f7747d0b23ba78?s=96&d=mm&r=g","url":"https:\/\/secure.gravatar.com\/avatar\/0664cbac35c98dc8604c91a6fc3c9209975a69213fef239136f7747d0b23ba78?s=96&d=mm&r=g","contentUrl":"https:\/\/secure.gravatar.com\/avatar\/0664cbac35c98dc8604c91a6fc3c9209975a69213fef239136f7747d0b23ba78?s=96&d=mm&r=g","caption":"Marjorie"},"url":"https:\/\/www.wyzgroup.com\/de\/"}]}},"_links":{"self":[{"href":"https:\/\/www.wyzgroup.com\/de\/wp-json\/wp\/v2\/posts\/12470","targetHints":{"allow":["GET"]}}],"collection":[{"href":"https:\/\/www.wyzgroup.com\/de\/wp-json\/wp\/v2\/posts"}],"about":[{"href":"https:\/\/www.wyzgroup.com\/de\/wp-json\/wp\/v2\/types\/post"}],"author":[{"embeddable":true,"href":"https:\/\/www.wyzgroup.com\/de\/wp-json\/wp\/v2\/users\/5"}],"replies":[{"embeddable":true,"href":"https:\/\/www.wyzgroup.com\/de\/wp-json\/wp\/v2\/comments?post=12470"}],"version-history":[{"count":3,"href":"https:\/\/www.wyzgroup.com\/de\/wp-json\/wp\/v2\/posts\/12470\/revisions"}],"predecessor-version":[{"id":12475,"href":"https:\/\/www.wyzgroup.com\/de\/wp-json\/wp\/v2\/posts\/12470\/revisions\/12475"}],"wp:featuredmedia":[{"embeddable":true,"href":"https:\/\/www.wyzgroup.com\/de\/wp-json\/wp\/v2\/media\/12471"}],"wp:attachment":[{"href":"https:\/\/www.wyzgroup.com\/de\/wp-json\/wp\/v2\/media?parent=12470"}],"wp:term":[{"taxonomy":"category","embeddable":true,"href":"https:\/\/www.wyzgroup.com\/de\/wp-json\/wp\/v2\/categories?post=12470"},{"taxonomy":"post_tag","embeddable":true,"href":"https:\/\/www.wyzgroup.com\/de\/wp-json\/wp\/v2\/tags?post=12470"}],"curies":[{"name":"wp","href":"https:\/\/api.w.org\/{rel}","templated":true}]}}