{"id":12458,"date":"2022-03-18T10:38:19","date_gmt":"2022-03-18T10:38:19","guid":{"rendered":"https:\/\/www.wyzgroup.com\/actualite\/pro-largus-wyz-accelere-son-developpement-et-seduit-emil-frey-france\/"},"modified":"2022-03-18T10:38:34","modified_gmt":"2022-03-18T10:38:34","slug":"pro-largus-wyz-accelere-son-developpement-et-seduit-emil-frey-france","status":"publish","type":"post","link":"https:\/\/www.wyzgroup.com\/de\/actualite\/pro-largus-wyz-accelere-son-developpement-et-seduit-emil-frey-france\/","title":{"rendered":"Pro L&#8217;Argus &#8211; WYZ acc\u00e9l\u00e8re son d\u00e9veloppement et s\u00e9duit Emil Frey France"},"content":{"rendered":"<div class=\"wpb-content-wrapper\"><p>[vc_row][vc_column][vc_column_text]<\/p>\n<h4 class=\"article-sub-heading\" style=\"text-align: center;\">L&#8217;ARGUS PRO<\/h4>\n<h4><div class=\"gap\" style=\"line-height: 20px; height: 20px;\"><\/div><\/h4>\n<div class=\"crayon article-chapo-14992 chapo\">\n<h1 class=\"entry-title\" style=\"text-align: center;\"><a href=\"https:\/\/pro.largus.fr\/actualites\/wyz-accelere-son-developpement-et-seduit-emil-frey-france-10838391.html\" target=\"_blank\" rel=\"noopener\">WYZ acc\u00e9l\u00e8re son d\u00e9veloppement et s\u00e9duit Emil Frey France<\/a><\/h1>\n<\/div>\n<div class=\"crayon article-texte-14992 \">\n<h4><div class=\"gap\" style=\"line-height: 20px; height: 20px;\"><\/div><\/h4>\n<p>&nbsp;<\/p>\n<p class=\"article-body contenuArticlePro \" style=\"text-align: center;\">\n<\/div>\n<div class=\"title\">\n<p class=\"article-body contenuArticlePro \" style=\"text-align: center;\"><strong>Retrouvez l&#8217;article sur le site L&#8217;ARGUS PRO : <\/strong><\/p>\n<p class=\"article-body contenuArticlePro \" style=\"text-align: center;\"><strong><a href=\"https:\/\/pro.largus.fr\/actualites\/wyz-accelere-son-developpement-et-seduit-emil-frey-france-10838391.html\" target=\"_blank\" rel=\"noopener noreferrer\">Wyz acc\u00e9l\u00e8re son d\u00e9veloppement et s\u00e9duit Emil Frey France<\/a><\/strong><\/p>\n<\/div>\n<p>&nbsp;<\/p>\n<p style=\"text-align: center;\">Apr\u00e8s une ann\u00e9e 2021 remarquable, qui a notamment vu son chiffre d&#8217;affaires bondir de 96,5 %, Wyz Group ne manque pas d&#8217;ambitions pour l&#8217;exercice en cours. Il vient d&#8217;ailleurs de signer avec Emil Frey France pour int\u00e9grer un module d\u00e9di\u00e9 \u00e0 l&#8217;activit\u00e9 pneus.<\/p>\n<div id=\"attachment_12437\" style=\"width: 310px\" class=\"wp-caption aligncenter\"><a href=\"https:\/\/pro.largus.fr\/actualites\/wyz-accelere-son-developpement-et-seduit-emil-frey-france-10838391.html\" target=\"_blank\" rel=\"noopener\"><img loading=\"lazy\" decoding=\"async\" aria-describedby=\"caption-attachment-12437\" class=\"wp-image-11835 size-medium\" src=\"https:\/\/www.wyzgroup.com\/wp-content\/uploads\/2022\/02\/000237742_600x400_c-300x200.jpg\" alt=\"\" width=\"300\" height=\"200\" srcset=\"https:\/\/www.wyzgroup.com\/wp-content\/uploads\/2022\/02\/000237742_600x400_c-300x200.jpg 300w, https:\/\/www.wyzgroup.com\/wp-content\/uploads\/2022\/02\/000237742_600x400_c.jpg 600w\" sizes=\"auto, (max-width: 300px) 100vw, 300px\" \/><\/a><p id=\"caption-attachment-12437\" class=\"wp-caption-text\">De gauche \u00e0 droite : Pierre Guirard, patron de Wyz Group, Margot Laffite, Jean-Philippe Duhoux, directeur commercial Wyz Group, et Vincent Gorce, directeur g\u00e9n\u00e9ral d&#8217;Emil Frey France.<\/p><\/div>\n<div class=\"chapo\"><\/div>\n<section class=\"has_ae_slider elementor-section elementor-top-section elementor-element elementor-element-6fb9d2ef elementor-section-boxed elementor-section-height-default elementor-section-height-default ae-bg-gallery-type-default\" data-id=\"6fb9d2ef\" data-element_type=\"section\">\n<div class=\"elementor-container elementor-column-gap-default\">\n<div class=\"elementor-row\">\n<div class=\"has_ae_slider elementor-column elementor-col-100 elementor-top-column elementor-element elementor-element-2e8f4331 ae-bg-gallery-type-default\" data-id=\"2e8f4331\" data-element_type=\"column\">\n<div class=\"elementor-column-wrap elementor-element-populated\">\n<div class=\"elementor-widget-wrap\">\n<div class=\"elementor-element elementor-element-88c1abd elementor-widget elementor-widget-ae-post-content\" data-id=\"88c1abd\" data-element_type=\"widget\" data-widget_type=\"ae-post-content.default\">\n<div class=\"elementor-widget-container\">\n<h2 class=\"article-sub-heading\">Wyz Group, sp\u00e9cialiste des solutions digitales d\u00e9di\u00e9es \u00e0 l&#8217;apr\u00e8s-vente automobile et aux pneus, a excell\u00e9 en 2021 jusqu&#8217;\u00e0 doubler son chiffre d&#8217;affaires, \u00e0 113,6 millions d&#8217;euros. Cette performance s&#8217;explique notamment par de nouveaux contrats avec des groupes de distribution dont Emil Frey.<\/h2>\n<div class=\"article-body contenuArticlePro \">\n<p>Une nouvelle ann\u00e9e, une conf\u00e9rence de presse sous un nouveau format et des objectifs tout neufs. Wyz Group commence 2022 sous les meilleurs auspices. Le mardi 1<sup>er\u00a0<\/sup>f\u00e9vrier, le pr\u00e9sident-directeur g\u00e9n\u00e9ral Pierre Guirard, \u00e9tait install\u00e9 sur un plateau TV \u201cmaison\u201d pour pr\u00e9senter aux c\u00f4t\u00e9s de Margot Laffite ses r\u00e9sultats annuels et ses plans d\u2019avenir. En 2021, le sp\u00e9cialiste des solutions digitales consacr\u00e9es \u00e0 l\u2019apr\u00e8s-vente automobile et au pneumatique, qui a r\u00e9alis\u00e9\u00a0<a href=\"https:\/\/pro.largus.fr\/actualites\/wyz-group-accueille-dans-son-capital-bpifrance-et-bnp-paribas-10664396.html\" target=\"_blank\" rel=\"noopener\">une op\u00e9ration capitalistique avec BNP Paribas et Bpifrance<\/a>, a g\u00e9n\u00e9r\u00e9 un chiffre d\u2019affaires annuel de 113,6 millions d\u2019euros, soit le double enregistr\u00e9 en 2020, \u00e0 57,8 millions d\u2019euros. Il s\u2019agit\u00a0<strong>d\u2019une augmentation moyenne de 33 % par an\u00a0<\/strong>depuis sa cr\u00e9ation il y a 13 ans.\u00a0<em>\u00ab Sur le march\u00e9 du pneu, fortement agit\u00e9, WYZ est d\u00e9sormais devenu un acteur central,\u00a0<\/em>souligne-t-il.\u00a0<em>Ses solutions de distribution, de redistribution, de devis et de gestion de flottes \u00e9voluent sans cesse et permettent \u00e0 chaque client de WYZ de manager au mieux le d\u00e9veloppement de son activit\u00e9 pneumatique. L\u2019enjeu est grand autour de ce produit, vou\u00e9 \u00e0 devenir la premi\u00e8re entr\u00e9e en atelier dans un futur proche, avec l\u2019\u00e9lectrification progressive du march\u00e9 automobile \u00bb<\/em>.<\/p>\n<h2>Toujours plus de clients pour WYZ Group<\/h2>\n<p>Selon le patron, la performance est due au d\u00e9ploiement de son offre pneu \u00e0 destination des principaux constructeurs, distributeurs et sp\u00e9cialistes europ\u00e9ens, et donc une base clients qui ne cesse de se consolider. En effet, outre une participation au capital de la start-up\u00a0<a href=\"https:\/\/pro.largus.fr\/actualites\/wyz-group-prend-une-participation-dans-spid-tech-10531393.html\" target=\"_blank\" rel=\"noopener\">Spid Tech<\/a> et des accords sign\u00e9s avec BMW, Distrigo, Spie et le renouvellement de contrat flottes avec Veolia, WYZ Group a sign\u00e9 un partenariat (dernier en date) avec le groupe de distribution automobile Emil Frey France pour <strong>construire et int\u00e9grer un module de redistribution pneumatique au sein de la plate-forme Autosphere<\/strong>\u00a0en France. Vincent Gorce, le directeur g\u00e9n\u00e9ral du groupe \u00e9tait d\u2019ailleurs l&#8217;invit\u00e9 de l\u2019\u00e9mission, lequel acc\u00e9l\u00e8re la strat\u00e9gie de d\u00e9veloppement de l\u2019apr\u00e8s-vente via l\u2019atelier mobile, la d\u00e9pose de cl\u00e9s, et la transformation des flux de carrosserie. Celui-ci partage le m\u00eame constat que Pierre Guirard qui dit qu\u2019<em>\u00ab avec le d\u00e9veloppement des ventes de v\u00e9hicules \u00e9lectriques, le pneumatique deviendra plus que jamais la premi\u00e8re entr\u00e9e en atelier \u00bb<\/em>.<\/p>\n<h2>WYZ \u00e0 l&#8217;international<\/h2>\n<p><a href=\"https:\/\/pro.largus.fr\/archive-pros\/groupe-emil-frey-256.html\" target=\"_blank\" rel=\"noopener\">Emil Frey<\/a> a choisi le service de WYZ Group pour <em>\u00ab am\u00e9liorer [son] offre en pneumatiques \u00bb<\/em>\u00a0et ainsi\u00a0<em>\u00ab \u00e9liminer les ventes perdues et am\u00e9liorer les ventes de pneus aupr\u00e8s des professionnels. Nous voulons transformer nos process et faciliter les commandes en ligne de nos clients, agents et r\u00e9parateurs ind\u00e9pendants. Nous savons si nous avons le pneu en stock et o\u00f9 le trouver si ce n\u2019est pas le cas \u00bb<\/em>. La 2<sup>e<\/sup>\u00a0\u00e9tape de l\u2019accord, s\u2019il se passe bien, pourrait \u00eatre l\u2019int\u00e9gration du volet BtoC, soit la vente de pneus aux particuliers.<\/p>\n<p>En parall\u00e8le de cette collaboration, qui devrait porter ses fruits en 2022, WYZ a annonc\u00e9 vouloir se d\u00e9velopper aupr\u00e8s de ses clients flottes d\u2019entreprise. Le groupe va s\u2019appuyer sur le savoir-faire sp\u00e9cifique de plusieurs start-up automobiles, notamment celui de Vivocaz pour le suivi des contrats LLD (les autres noms n\u2019ont pas \u00e9t\u00e9 cit\u00e9s). Un partenariat a donc \u00e9t\u00e9 sign\u00e9 pour proposer \u00e0 sa client\u00e8le pro des fonctionnalit\u00e9s suppl\u00e9mentaires autour de la gestion du v\u00e9hicule (e-constat, convoyage, restitution, etc) via une application conducteurs.<br \/>\nL\u2019international est \u00e9galement dans le viseur du sp\u00e9cialiste du pneu. D\u00e9j\u00e0 pr\u00e9sent en Su\u00e8de, au Portugal et au Benelux, WYZ devrait s\u2019\u00e9tendre d\u00e8s le mois d\u2019avril 2022 en Allemagne (avec Toyota), ainsi qu\u2019au Danemark et en Italie. Un plan reste d\u2019actualit\u00e9 <strong>avec trois ouvertures de pays par an<\/strong>, assure Pierre Guirard.<\/p>\n<\/div>\n<\/div>\n<\/div>\n<\/div>\n<\/div>\n<\/div>\n<\/div>\n<\/div>\n<\/section>\n<p>[\/vc_column_text][\/vc_column][\/vc_row]<\/p>\n<\/div>","protected":false},"excerpt":{"rendered":"<p>[vc_row][vc_column][vc_column_text] L&#8217;ARGUS PRO WYZ acc\u00e9l\u00e8re son d\u00e9veloppement et s\u00e9duit Emil Frey France &nbsp; Retrouvez l&#8217;article sur le site L&#8217;ARGUS PRO : Wyz acc\u00e9l\u00e8re son d\u00e9veloppement et s\u00e9duit Emil Frey France &nbsp; Apr\u00e8s une ann\u00e9e 2021 remarquable, qui a notamment vu son chiffre d&#8217;affaires bondir de 96,5 %, Wyz Group ne manque pas d&#8217;ambitions pour l&#8217;exercice&hellip;<\/p>\n","protected":false},"author":5,"featured_media":12437,"comment_status":"closed","ping_status":"closed","sticky":false,"template":"","format":"standard","meta":{"rs_blank_template":"","rs_page_bg_color":"","slide_template_v7":"","footnotes":""},"categories":[6,25,49],"tags":[],"class_list":["post-12458","post","type-post","status-publish","format-standard","has-post-thumbnail","hentry","category-actu","category-parution-presse","category-presseerscheinungen","category-6","category-25","category-49","description-off"],"yoast_head":"<!-- This site is optimized with the Yoast SEO plugin v27.5 - https:\/\/yoast.com\/product\/yoast-seo-wordpress\/ -->\n<title>Pro L&#039;Argus - WYZ acc\u00e9l\u00e8re son d\u00e9veloppement et s\u00e9duit Emil Frey France | WYZ Group, des solutions digitales au c\u0153ur de l\u2019Apr\u00e8s-vente automobile\u200b<\/title>\n<meta name=\"description\" content=\"WYZ Group vous propose des outils web innovants incluant l&#039;ensemble des flux de vos partenaires manufacturiers ainsi qu&#039;une solution de d\u00e9pannage.\" \/>\n<meta name=\"robots\" content=\"index, follow, max-snippet:-1, max-image-preview:large, max-video-preview:-1\" \/>\n<link rel=\"canonical\" href=\"https:\/\/www.wyzgroup.com\/actualite\/pro-largus-wyz-accelere-son-developpement-et-seduit-emil-frey-france\/\" \/>\n<meta property=\"og:locale\" content=\"de_DE\" \/>\n<meta property=\"og:type\" content=\"article\" \/>\n<meta property=\"og:title\" content=\"Pro L&#039;Argus - WYZ acc\u00e9l\u00e8re son d\u00e9veloppement et s\u00e9duit Emil Frey France | WYZ Group, des solutions digitales au c\u0153ur de l\u2019Apr\u00e8s-vente automobile\u200b\" \/>\n<meta property=\"og:description\" content=\"WYZ Group vous propose des outils web innovants incluant l&#039;ensemble des flux de vos partenaires manufacturiers ainsi qu&#039;une solution de d\u00e9pannage.\" \/>\n<meta property=\"og:url\" content=\"https:\/\/www.wyzgroup.com\/actualite\/pro-largus-wyz-accelere-son-developpement-et-seduit-emil-frey-france\/\" \/>\n<meta property=\"og:site_name\" content=\"WYZ Group\" \/>\n<meta property=\"article:published_time\" content=\"2022-03-18T10:38:19+00:00\" \/>\n<meta property=\"article:modified_time\" content=\"2022-03-18T10:38:34+00:00\" \/>\n<meta property=\"og:image\" content=\"https:\/\/www.wyzgroup.com\/wp-content\/uploads\/2022\/02\/000237742_600x400_c.jpg\" \/>\n\t<meta property=\"og:image:width\" content=\"600\" \/>\n\t<meta property=\"og:image:height\" content=\"400\" \/>\n\t<meta property=\"og:image:type\" content=\"image\/jpeg\" \/>\n<meta name=\"author\" content=\"Marjorie\" \/>\n<meta name=\"twitter:card\" content=\"summary_large_image\" \/>\n<meta name=\"twitter:label1\" content=\"Verfasst von\" \/>\n\t<meta name=\"twitter:data1\" content=\"Marjorie\" \/>\n\t<meta name=\"twitter:label2\" content=\"Gesch\u00e4tzte Lesezeit\" \/>\n\t<meta name=\"twitter:data2\" content=\"4\u00a0Minuten\" \/>\n<script type=\"application\/ld+json\" class=\"yoast-schema-graph\">{\"@context\":\"https:\\\/\\\/schema.org\",\"@graph\":[{\"@type\":\"Article\",\"@id\":\"https:\\\/\\\/www.wyzgroup.com\\\/actualite\\\/pro-largus-wyz-accelere-son-developpement-et-seduit-emil-frey-france\\\/#article\",\"isPartOf\":{\"@id\":\"https:\\\/\\\/www.wyzgroup.com\\\/actualite\\\/pro-largus-wyz-accelere-son-developpement-et-seduit-emil-frey-france\\\/\"},\"author\":{\"name\":\"Marjorie\",\"@id\":\"https:\\\/\\\/www.wyzgroup.com\\\/#\\\/schema\\\/person\\\/b3dac9d9526664a1dfac5696f8ea854f\"},\"headline\":\"Pro L&#8217;Argus &#8211; WYZ acc\u00e9l\u00e8re son d\u00e9veloppement et s\u00e9duit Emil Frey France\",\"datePublished\":\"2022-03-18T10:38:19+00:00\",\"dateModified\":\"2022-03-18T10:38:34+00:00\",\"mainEntityOfPage\":{\"@id\":\"https:\\\/\\\/www.wyzgroup.com\\\/actualite\\\/pro-largus-wyz-accelere-son-developpement-et-seduit-emil-frey-france\\\/\"},\"wordCount\":859,\"image\":{\"@id\":\"https:\\\/\\\/www.wyzgroup.com\\\/actualite\\\/pro-largus-wyz-accelere-son-developpement-et-seduit-emil-frey-france\\\/#primaryimage\"},\"thumbnailUrl\":\"https:\\\/\\\/www.wyzgroup.com\\\/wp-content\\\/uploads\\\/2022\\\/02\\\/000237742_600x400_c.jpg\",\"articleSection\":[\"Actualit\u00e9s\",\"Parutions Presse\",\"Presseerscheinungen\"],\"inLanguage\":\"de\"},{\"@type\":\"WebPage\",\"@id\":\"https:\\\/\\\/www.wyzgroup.com\\\/actualite\\\/pro-largus-wyz-accelere-son-developpement-et-seduit-emil-frey-france\\\/\",\"url\":\"https:\\\/\\\/www.wyzgroup.com\\\/actualite\\\/pro-largus-wyz-accelere-son-developpement-et-seduit-emil-frey-france\\\/\",\"name\":\"Pro L'Argus - WYZ acc\u00e9l\u00e8re son d\u00e9veloppement et s\u00e9duit Emil Frey France | WYZ Group, des solutions digitales au c\u0153ur de l\u2019Apr\u00e8s-vente automobile\u200b\",\"isPartOf\":{\"@id\":\"https:\\\/\\\/www.wyzgroup.com\\\/#website\"},\"primaryImageOfPage\":{\"@id\":\"https:\\\/\\\/www.wyzgroup.com\\\/actualite\\\/pro-largus-wyz-accelere-son-developpement-et-seduit-emil-frey-france\\\/#primaryimage\"},\"image\":{\"@id\":\"https:\\\/\\\/www.wyzgroup.com\\\/actualite\\\/pro-largus-wyz-accelere-son-developpement-et-seduit-emil-frey-france\\\/#primaryimage\"},\"thumbnailUrl\":\"https:\\\/\\\/www.wyzgroup.com\\\/wp-content\\\/uploads\\\/2022\\\/02\\\/000237742_600x400_c.jpg\",\"datePublished\":\"2022-03-18T10:38:19+00:00\",\"dateModified\":\"2022-03-18T10:38:34+00:00\",\"author\":{\"@id\":\"https:\\\/\\\/www.wyzgroup.com\\\/#\\\/schema\\\/person\\\/b3dac9d9526664a1dfac5696f8ea854f\"},\"description\":\"WYZ Group vous propose des outils web innovants incluant l'ensemble des flux de vos partenaires manufacturiers ainsi qu'une solution de d\u00e9pannage.\",\"breadcrumb\":{\"@id\":\"https:\\\/\\\/www.wyzgroup.com\\\/actualite\\\/pro-largus-wyz-accelere-son-developpement-et-seduit-emil-frey-france\\\/#breadcrumb\"},\"inLanguage\":\"de\",\"potentialAction\":[{\"@type\":\"ReadAction\",\"target\":[\"https:\\\/\\\/www.wyzgroup.com\\\/actualite\\\/pro-largus-wyz-accelere-son-developpement-et-seduit-emil-frey-france\\\/\"]}]},{\"@type\":\"ImageObject\",\"inLanguage\":\"de\",\"@id\":\"https:\\\/\\\/www.wyzgroup.com\\\/actualite\\\/pro-largus-wyz-accelere-son-developpement-et-seduit-emil-frey-france\\\/#primaryimage\",\"url\":\"https:\\\/\\\/www.wyzgroup.com\\\/wp-content\\\/uploads\\\/2022\\\/02\\\/000237742_600x400_c.jpg\",\"contentUrl\":\"https:\\\/\\\/www.wyzgroup.com\\\/wp-content\\\/uploads\\\/2022\\\/02\\\/000237742_600x400_c.jpg\",\"width\":600,\"height\":400},{\"@type\":\"BreadcrumbList\",\"@id\":\"https:\\\/\\\/www.wyzgroup.com\\\/actualite\\\/pro-largus-wyz-accelere-son-developpement-et-seduit-emil-frey-france\\\/#breadcrumb\",\"itemListElement\":[{\"@type\":\"ListItem\",\"position\":1,\"name\":\"Accueil\",\"item\":\"https:\\\/\\\/www.wyzgroup.com\\\/de\\\/\"},{\"@type\":\"ListItem\",\"position\":2,\"name\":\"Pro L&rsquo;Argus &#8211; WYZ acc\u00e9l\u00e8re son d\u00e9veloppement et s\u00e9duit Emil Frey France\"}]},{\"@type\":\"WebSite\",\"@id\":\"https:\\\/\\\/www.wyzgroup.com\\\/#website\",\"url\":\"https:\\\/\\\/www.wyzgroup.com\\\/\",\"name\":\"WYZ Group\",\"description\":\"WYZ Group, des solutions digitales au c\u0153ur de l\u2019Apr\u00e8s-vente automobile\u200b\",\"potentialAction\":[{\"@type\":\"SearchAction\",\"target\":{\"@type\":\"EntryPoint\",\"urlTemplate\":\"https:\\\/\\\/www.wyzgroup.com\\\/?s={search_term_string}\"},\"query-input\":{\"@type\":\"PropertyValueSpecification\",\"valueRequired\":true,\"valueName\":\"search_term_string\"}}],\"inLanguage\":\"de\"},{\"@type\":\"Person\",\"@id\":\"https:\\\/\\\/www.wyzgroup.com\\\/#\\\/schema\\\/person\\\/b3dac9d9526664a1dfac5696f8ea854f\",\"name\":\"Marjorie\",\"image\":{\"@type\":\"ImageObject\",\"inLanguage\":\"de\",\"@id\":\"https:\\\/\\\/secure.gravatar.com\\\/avatar\\\/0664cbac35c98dc8604c91a6fc3c9209975a69213fef239136f7747d0b23ba78?s=96&d=mm&r=g\",\"url\":\"https:\\\/\\\/secure.gravatar.com\\\/avatar\\\/0664cbac35c98dc8604c91a6fc3c9209975a69213fef239136f7747d0b23ba78?s=96&d=mm&r=g\",\"contentUrl\":\"https:\\\/\\\/secure.gravatar.com\\\/avatar\\\/0664cbac35c98dc8604c91a6fc3c9209975a69213fef239136f7747d0b23ba78?s=96&d=mm&r=g\",\"caption\":\"Marjorie\"},\"url\":\"https:\\\/\\\/www.wyzgroup.com\\\/de\\\/\"}]}<\/script>\n<!-- \/ Yoast SEO plugin. -->","yoast_head_json":{"title":"Pro L'Argus - WYZ acc\u00e9l\u00e8re son d\u00e9veloppement et s\u00e9duit Emil Frey France | WYZ Group, des solutions digitales au c\u0153ur de l\u2019Apr\u00e8s-vente automobile\u200b","description":"WYZ Group vous propose des outils web innovants incluant l'ensemble des flux de vos partenaires manufacturiers ainsi qu'une solution de d\u00e9pannage.","robots":{"index":"index","follow":"follow","max-snippet":"max-snippet:-1","max-image-preview":"max-image-preview:large","max-video-preview":"max-video-preview:-1"},"canonical":"https:\/\/www.wyzgroup.com\/actualite\/pro-largus-wyz-accelere-son-developpement-et-seduit-emil-frey-france\/","og_locale":"de_DE","og_type":"article","og_title":"Pro L'Argus - WYZ acc\u00e9l\u00e8re son d\u00e9veloppement et s\u00e9duit Emil Frey France | WYZ Group, des solutions digitales au c\u0153ur de l\u2019Apr\u00e8s-vente automobile\u200b","og_description":"WYZ Group vous propose des outils web innovants incluant l'ensemble des flux de vos partenaires manufacturiers ainsi qu'une solution de d\u00e9pannage.","og_url":"https:\/\/www.wyzgroup.com\/actualite\/pro-largus-wyz-accelere-son-developpement-et-seduit-emil-frey-france\/","og_site_name":"WYZ Group","article_published_time":"2022-03-18T10:38:19+00:00","article_modified_time":"2022-03-18T10:38:34+00:00","og_image":[{"width":600,"height":400,"url":"https:\/\/www.wyzgroup.com\/wp-content\/uploads\/2022\/02\/000237742_600x400_c.jpg","type":"image\/jpeg"}],"author":"Marjorie","twitter_card":"summary_large_image","twitter_misc":{"Verfasst von":"Marjorie","Gesch\u00e4tzte Lesezeit":"4\u00a0Minuten"},"schema":{"@context":"https:\/\/schema.org","@graph":[{"@type":"Article","@id":"https:\/\/www.wyzgroup.com\/actualite\/pro-largus-wyz-accelere-son-developpement-et-seduit-emil-frey-france\/#article","isPartOf":{"@id":"https:\/\/www.wyzgroup.com\/actualite\/pro-largus-wyz-accelere-son-developpement-et-seduit-emil-frey-france\/"},"author":{"name":"Marjorie","@id":"https:\/\/www.wyzgroup.com\/#\/schema\/person\/b3dac9d9526664a1dfac5696f8ea854f"},"headline":"Pro L&#8217;Argus &#8211; WYZ acc\u00e9l\u00e8re son d\u00e9veloppement et s\u00e9duit Emil Frey France","datePublished":"2022-03-18T10:38:19+00:00","dateModified":"2022-03-18T10:38:34+00:00","mainEntityOfPage":{"@id":"https:\/\/www.wyzgroup.com\/actualite\/pro-largus-wyz-accelere-son-developpement-et-seduit-emil-frey-france\/"},"wordCount":859,"image":{"@id":"https:\/\/www.wyzgroup.com\/actualite\/pro-largus-wyz-accelere-son-developpement-et-seduit-emil-frey-france\/#primaryimage"},"thumbnailUrl":"https:\/\/www.wyzgroup.com\/wp-content\/uploads\/2022\/02\/000237742_600x400_c.jpg","articleSection":["Actualit\u00e9s","Parutions Presse","Presseerscheinungen"],"inLanguage":"de"},{"@type":"WebPage","@id":"https:\/\/www.wyzgroup.com\/actualite\/pro-largus-wyz-accelere-son-developpement-et-seduit-emil-frey-france\/","url":"https:\/\/www.wyzgroup.com\/actualite\/pro-largus-wyz-accelere-son-developpement-et-seduit-emil-frey-france\/","name":"Pro L'Argus - WYZ acc\u00e9l\u00e8re son d\u00e9veloppement et s\u00e9duit Emil Frey France | WYZ Group, des solutions digitales au c\u0153ur de l\u2019Apr\u00e8s-vente automobile\u200b","isPartOf":{"@id":"https:\/\/www.wyzgroup.com\/#website"},"primaryImageOfPage":{"@id":"https:\/\/www.wyzgroup.com\/actualite\/pro-largus-wyz-accelere-son-developpement-et-seduit-emil-frey-france\/#primaryimage"},"image":{"@id":"https:\/\/www.wyzgroup.com\/actualite\/pro-largus-wyz-accelere-son-developpement-et-seduit-emil-frey-france\/#primaryimage"},"thumbnailUrl":"https:\/\/www.wyzgroup.com\/wp-content\/uploads\/2022\/02\/000237742_600x400_c.jpg","datePublished":"2022-03-18T10:38:19+00:00","dateModified":"2022-03-18T10:38:34+00:00","author":{"@id":"https:\/\/www.wyzgroup.com\/#\/schema\/person\/b3dac9d9526664a1dfac5696f8ea854f"},"description":"WYZ Group vous propose des outils web innovants incluant l'ensemble des flux de vos partenaires manufacturiers ainsi qu'une solution de d\u00e9pannage.","breadcrumb":{"@id":"https:\/\/www.wyzgroup.com\/actualite\/pro-largus-wyz-accelere-son-developpement-et-seduit-emil-frey-france\/#breadcrumb"},"inLanguage":"de","potentialAction":[{"@type":"ReadAction","target":["https:\/\/www.wyzgroup.com\/actualite\/pro-largus-wyz-accelere-son-developpement-et-seduit-emil-frey-france\/"]}]},{"@type":"ImageObject","inLanguage":"de","@id":"https:\/\/www.wyzgroup.com\/actualite\/pro-largus-wyz-accelere-son-developpement-et-seduit-emil-frey-france\/#primaryimage","url":"https:\/\/www.wyzgroup.com\/wp-content\/uploads\/2022\/02\/000237742_600x400_c.jpg","contentUrl":"https:\/\/www.wyzgroup.com\/wp-content\/uploads\/2022\/02\/000237742_600x400_c.jpg","width":600,"height":400},{"@type":"BreadcrumbList","@id":"https:\/\/www.wyzgroup.com\/actualite\/pro-largus-wyz-accelere-son-developpement-et-seduit-emil-frey-france\/#breadcrumb","itemListElement":[{"@type":"ListItem","position":1,"name":"Accueil","item":"https:\/\/www.wyzgroup.com\/de\/"},{"@type":"ListItem","position":2,"name":"Pro L&rsquo;Argus &#8211; WYZ acc\u00e9l\u00e8re son d\u00e9veloppement et s\u00e9duit Emil Frey France"}]},{"@type":"WebSite","@id":"https:\/\/www.wyzgroup.com\/#website","url":"https:\/\/www.wyzgroup.com\/","name":"WYZ Group","description":"WYZ Group, des solutions digitales au c\u0153ur de l\u2019Apr\u00e8s-vente automobile\u200b","potentialAction":[{"@type":"SearchAction","target":{"@type":"EntryPoint","urlTemplate":"https:\/\/www.wyzgroup.com\/?s={search_term_string}"},"query-input":{"@type":"PropertyValueSpecification","valueRequired":true,"valueName":"search_term_string"}}],"inLanguage":"de"},{"@type":"Person","@id":"https:\/\/www.wyzgroup.com\/#\/schema\/person\/b3dac9d9526664a1dfac5696f8ea854f","name":"Marjorie","image":{"@type":"ImageObject","inLanguage":"de","@id":"https:\/\/secure.gravatar.com\/avatar\/0664cbac35c98dc8604c91a6fc3c9209975a69213fef239136f7747d0b23ba78?s=96&d=mm&r=g","url":"https:\/\/secure.gravatar.com\/avatar\/0664cbac35c98dc8604c91a6fc3c9209975a69213fef239136f7747d0b23ba78?s=96&d=mm&r=g","contentUrl":"https:\/\/secure.gravatar.com\/avatar\/0664cbac35c98dc8604c91a6fc3c9209975a69213fef239136f7747d0b23ba78?s=96&d=mm&r=g","caption":"Marjorie"},"url":"https:\/\/www.wyzgroup.com\/de\/"}]}},"_links":{"self":[{"href":"https:\/\/www.wyzgroup.com\/de\/wp-json\/wp\/v2\/posts\/12458","targetHints":{"allow":["GET"]}}],"collection":[{"href":"https:\/\/www.wyzgroup.com\/de\/wp-json\/wp\/v2\/posts"}],"about":[{"href":"https:\/\/www.wyzgroup.com\/de\/wp-json\/wp\/v2\/types\/post"}],"author":[{"embeddable":true,"href":"https:\/\/www.wyzgroup.com\/de\/wp-json\/wp\/v2\/users\/5"}],"replies":[{"embeddable":true,"href":"https:\/\/www.wyzgroup.com\/de\/wp-json\/wp\/v2\/comments?post=12458"}],"version-history":[{"count":5,"href":"https:\/\/www.wyzgroup.com\/de\/wp-json\/wp\/v2\/posts\/12458\/revisions"}],"predecessor-version":[{"id":12463,"href":"https:\/\/www.wyzgroup.com\/de\/wp-json\/wp\/v2\/posts\/12458\/revisions\/12463"}],"wp:featuredmedia":[{"embeddable":true,"href":"https:\/\/www.wyzgroup.com\/de\/wp-json\/wp\/v2\/media\/12437"}],"wp:attachment":[{"href":"https:\/\/www.wyzgroup.com\/de\/wp-json\/wp\/v2\/media?parent=12458"}],"wp:term":[{"taxonomy":"category","embeddable":true,"href":"https:\/\/www.wyzgroup.com\/de\/wp-json\/wp\/v2\/categories?post=12458"},{"taxonomy":"post_tag","embeddable":true,"href":"https:\/\/www.wyzgroup.com\/de\/wp-json\/wp\/v2\/tags?post=12458"}],"curies":[{"name":"wp","href":"https:\/\/api.w.org\/{rel}","templated":true}]}}